{"id":4448,"date":"2024-03-29T08:53:28","date_gmt":"2024-03-29T07:53:28","guid":{"rendered":"https:\/\/ouryschreiber.fr\/?p=4448"},"modified":"2024-04-28T20:11:17","modified_gmt":"2024-04-28T18:11:17","slug":"brunch-mucical-a-fey","status":"publish","type":"post","link":"https:\/\/ouryschreiber.fr\/index.php\/2024\/03\/29\/brunch-mucical-a-fey\/","title":{"rendered":"Brunch Mucical \u00e0 FEY"},"content":{"rendered":"\n<figure class=\"wp-block-table\"><table class=\"has-fixed-layout\"><tbody><tr><td>Nous sommes ravis de vous annoncer\u00a0et de vous convier \u00e0 nos \u00e9v\u00e8nements de ce printemps : \u00ab Brunchs et Music Live \u00bb \u00a0qui auront lieu les premiers dimanches du mois \u00e0 CASTEL FEY.<br><br><strong>Les prochaines dates \u00e0 retenir sont\u00a0le 7 avril, le 5 mai, le 2 juin.\u00a0<br><\/strong>Rejoignez-nous pour une exp\u00e9rience musicale et culinaire unique !Au programme un Grand buffet chaud-froid pour satisfaire toutes les papilles, et une ambiance sobre et \u00e9l\u00e9gante, conviviale et d\u00e9stressante.<br><br><strong>Le 7 avril : piano-bar acoustique, avec le tr\u00e8s talentueux pianiste Mister Jack!\u00a0<\/strong><a href=\"https:\/\/castelfey.us17.list-manage.com\/track\/click?u=a6a83bdf3eabe795969809bd5&amp;id=d322d9a6ac&amp;e=cce9741af6\" target=\"_blank\" rel=\"noreferrer noopener\">Inscription ICI<\/a><br><br><img decoding=\"async\" width=\"564\" src=\"https:\/\/mcusercontent.com\/a6a83bdf3eabe795969809bd5\/images\/cdda5b8e-5421-ba55-65cd-cc1e3c7131fd.jpg\" alt=\"\">Notre salle et nos terrasses seront ouvertes sur le parc pour vous permettre de profiter pleinement du soleil, du calme, de la nature et \u2026 des oiseaux.<br><br>Nous vous accueillerons de 11 heures \u00e0 14h sur r\u00e9servation uniquement.\u00a0<br>Tarif : 35 \u20ac (buffet, caf\u00e9, th\u00e9s, softs et animation inclus.) \/ Enfants de moins de 12\u00a0ans : 15\u20ac<br><br><img decoding=\"async\" width=\"264\" src=\"https:\/\/mcusercontent.com\/a6a83bdf3eabe795969809bd5\/_compresseds\/ba6e15b2-4664-e4f7-162c-c8424c2da1f9.jpg\" alt=\"\"><img decoding=\"async\" width=\"264\" src=\"https:\/\/mcusercontent.com\/a6a83bdf3eabe795969809bd5\/_compresseds\/ab19c7ab-c375-77c9-2ee7-969d3b778deb.jpg\" alt=\"\"><br>Le nombre de places \u00e9tant limit\u00e9, les r\u00e9servations ne seront effectives que par l&rsquo;achat de sa place.<a href=\"https:\/\/castelfey.us17.list-manage.com\/track\/click?u=a6a83bdf3eabe795969809bd5&amp;id=31b5bd832d&amp;e=cce9741af6\" target=\"_blank\" rel=\"noreferrer noopener\">Inscription ICI<\/a>\u00a0avant le 24 mars. <br>Renseignements : o6 49 27 43 40 \/\u00a0<a href=\"mailto:castelfey@gmail.com\" target=\"_blank\" rel=\"noreferrer noopener\">castelfey@gmail.com<\/a><\/td><\/tr><\/tbody><\/table><\/figure>\n\n\n\n<figure class=\"wp-block-table\"><table class=\"has-fixed-layout\"><tbody><tr><td><img decoding=\"async\" width=\"264\" src=\"https:\/\/mcusercontent.com\/a6a83bdf3eabe795969809bd5\/_compresseds\/ae813894-7984-0a84-17a7-037b7a3e65ad.jpg\" alt=\"\"><img decoding=\"async\" width=\"264\" src=\"https:\/\/mcusercontent.com\/a6a83bdf3eabe795969809bd5\/_compresseds\/9243e9b0-753c-3e47-17bb-21bf8347eec0.jpg\" alt=\"\"><br>Nous avons h\u00e2te de vous voir le 7 avril et de partager ce moment de plaisir et de musique avec vous !<br>Patrizia et Bernard&nbsp;Rebois&nbsp;&nbsp;<\/td><\/tr><\/tbody><\/table><\/figure>\n\n\n","protected":false},"excerpt":{"rendered":"<p>Nous sommes ravis de vous annoncer\u00a0et de vous convier \u00e0 nos \u00e9v\u00e8nements de ce printemps : \u00ab Brunchs et Music Live \u00bb \u00a0qui auront lieu [&hellip;]<\/p>\n","protected":false},"author":2,"featured_media":4449,"comment_status":"closed","ping_status":"closed","sticky":false,"template":"","format":"standard","meta":{"_crdt_document":"","novablocks_hero_scroll_indicator":false,"novablocks_hero_position_indicators":false,"footnotes":""},"categories":[1],"tags":[],"class_list":["post-4448","post","type-post","status-publish","format-standard","has-post-thumbnail","hentry","category-non-classe"],"_links":{"self":[{"href":"https:\/\/ouryschreiber.fr\/index.php\/wp-json\/wp\/v2\/posts\/4448","targetHints":{"allow":["GET"]}}],"collection":[{"href":"https:\/\/ouryschreiber.fr\/index.php\/wp-json\/wp\/v2\/posts"}],"about":[{"href":"https:\/\/ouryschreiber.fr\/index.php\/wp-json\/wp\/v2\/types\/post"}],"author":[{"embeddable":true,"href":"https:\/\/ouryschreiber.fr\/index.php\/wp-json\/wp\/v2\/users\/2"}],"replies":[{"embeddable":true,"href":"https:\/\/ouryschreiber.fr\/index.php\/wp-json\/wp\/v2\/comments?post=4448"}],"version-history":[{"count":2,"href":"https:\/\/ouryschreiber.fr\/index.php\/wp-json\/wp\/v2\/posts\/4448\/revisions"}],"predecessor-version":[{"id":4452,"href":"https:\/\/ouryschreiber.fr\/index.php\/wp-json\/wp\/v2\/posts\/4448\/revisions\/4452"}],"wp:featuredmedia":[{"embeddable":true,"href":"https:\/\/ouryschreiber.fr\/index.php\/wp-json\/wp\/v2\/media\/4449"}],"wp:attachment":[{"href":"https:\/\/ouryschreiber.fr\/index.php\/wp-json\/wp\/v2\/media?parent=4448"}],"wp:term":[{"taxonomy":"category","embeddable":true,"href":"https:\/\/ouryschreiber.fr\/index.php\/wp-json\/wp\/v2\/categories?post=4448"},{"taxonomy":"post_tag","embeddable":true,"href":"https:\/\/ouryschreiber.fr\/index.php\/wp-json\/wp\/v2\/tags?post=4448"}],"curies":[{"name":"wp","href":"https:\/\/api.w.org\/{rel}","templated":true}]}}